{"id":4234,"date":"2023-09-22T12:33:52","date_gmt":"2023-09-22T10:33:52","guid":{"rendered":"https:\/\/etiketten.shop\/blog\/?p=4234"},"modified":"2024-02-01T12:14:15","modified_gmt":"2024-02-01T11:14:15","slug":"20-jahre-print-id","status":"publish","type":"post","link":"https:\/\/etiketten.shop\/blog\/20-jahre-print-id\/","title":{"rendered":"20 Jahre print-ID"},"content":{"rendered":"\r\n<p>Am 02. Oktober feiern wir unser 20-j\u00e4hriges Firmenjubil\u00e4um. Die letzten beiden Jahrzehnte waren gepr\u00e4gt von Wachstum, Innovation und Engagement und haben uns zu einem festen Bestandteil der Etikettenbranche gemacht.<\/p>\r\n\r\n\r\n\r\n<figure class=\"wp-block-image size-large\"><a href=\"https:\/\/etiketten.shop\/blog\/wp-content\/uploads\/2023\/09\/image-1.jpeg\" data-rel=\"lightbox-gallery-mzZFXVQE\" data-rl_title=\"\" data-rl_caption=\"\" title=\"\"><img loading=\"lazy\" decoding=\"async\" width=\"1440\" height=\"960\" src=\"https:\/\/etiketten.shop\/blog\/wp-content\/uploads\/2023\/09\/image-1-1440x960.jpeg\" alt=\"\" class=\"wp-image-4248\" srcset=\"https:\/\/etiketten.shop\/blog\/wp-content\/uploads\/2023\/09\/image-1-1440x960.jpeg 1440w, https:\/\/etiketten.shop\/blog\/wp-content\/uploads\/2023\/09\/image-1-300x200.jpeg 300w, https:\/\/etiketten.shop\/blog\/wp-content\/uploads\/2023\/09\/image-1-768x512.jpeg 768w, https:\/\/etiketten.shop\/blog\/wp-content\/uploads\/2023\/09\/image-1-1536x1024.jpeg 1536w, https:\/\/etiketten.shop\/blog\/wp-content\/uploads\/2023\/09\/image-1.jpeg 2048w\" sizes=\"auto, (max-width: 1440px) 100vw, 1440px\" \/><\/a><\/figure>\r\n\r\n\r\n\r\n<p><br>Mit den Jahren sind wir von bescheidenen Anf\u00e4ngen in einem kleinen B\u00fcro zu einem der gr\u00f6\u00dferen Etikettenproduzenten in Deutschland geworden. Wir haben kontinuierlich in unsere Mitarbeiter investiert sowie die Produktionskapazit\u00e4ten erweitert und innovative Drucktechnologien eingef\u00fchrt, um sicherzustellen, dass wir die Erwartungen unserer Kunden \u00fcbertreffen.<br><br>Doch unser Erfolg w\u00e4re ohne die Unterst\u00fctzung und das Vertrauen unserer Kunden, Partner, Lieferanten und Mitarbeiter nicht m\u00f6glich gewesen. An dieser Stelle m\u00f6chten wir uns von Herzen bei Ihnen allen bedanken. Sie haben dazu beigetragen, dass die <a href=\"https:\/\/www.print-id.de\/\">print-ID GmbH &amp; Co. KG<\/a> zu dem geworden ist, was sie heute ist. <br><br>Auf die n\u00e4chsten 20 Jahre voller Erfolg und Wachstum!<\/p>\r\n\r\n\r\n\r\n<p><br><\/p>\r\n","protected":false},"excerpt":{"rendered":"<p>Am 02. Oktober feiern wir unser 20-j\u00e4hriges Firmenjubil\u00e4um. Die letzten beiden Jahrzehnte waren gepr\u00e4gt von Wachstum, Innovation und Engagement und haben uns zu einem festen Bestandteil der Etikettenbranche gemacht. Mit den Jahren sind wir von bescheidenen Anf\u00e4ngen in einem kleinen B\u00fcro zu einem der gr\u00f6\u00dferen Etikettenproduzenten in Deutschland geworden. Wir haben kontinuierlich in unsere Mitarbeiter &#8230; <a title=\"20 Jahre print-ID\" class=\"read-more\" href=\"https:\/\/etiketten.shop\/blog\/20-jahre-print-id\/\" aria-label=\"Mehr Informationen \u00fcber 20 Jahre print-ID\">Weiterlesen<\/a><\/p>\n","protected":false},"author":3,"featured_media":0,"comment_status":"closed","ping_status":"open","sticky":false,"template":"","format":"standard","meta":{"footnotes":""},"categories":[1],"tags":[177,176],"class_list":["post-4234","post","type-post","status-publish","format-standard","hentry","category-allgemein","tag-20-jahre","tag-jubilaeum"],"_links":{"self":[{"href":"https:\/\/etiketten.shop\/blog\/wp-json\/wp\/v2\/posts\/4234","targetHints":{"allow":["GET"]}}],"collection":[{"href":"https:\/\/etiketten.shop\/blog\/wp-json\/wp\/v2\/posts"}],"about":[{"href":"https:\/\/etiketten.shop\/blog\/wp-json\/wp\/v2\/types\/post"}],"author":[{"embeddable":true,"href":"https:\/\/etiketten.shop\/blog\/wp-json\/wp\/v2\/users\/3"}],"replies":[{"embeddable":true,"href":"https:\/\/etiketten.shop\/blog\/wp-json\/wp\/v2\/comments?post=4234"}],"version-history":[{"count":1,"href":"https:\/\/etiketten.shop\/blog\/wp-json\/wp\/v2\/posts\/4234\/revisions"}],"predecessor-version":[{"id":4328,"href":"https:\/\/etiketten.shop\/blog\/wp-json\/wp\/v2\/posts\/4234\/revisions\/4328"}],"wp:attachment":[{"href":"https:\/\/etiketten.shop\/blog\/wp-json\/wp\/v2\/media?parent=4234"}],"wp:term":[{"taxonomy":"category","embeddable":true,"href":"https:\/\/etiketten.shop\/blog\/wp-json\/wp\/v2\/categories?post=4234"},{"taxonomy":"post_tag","embeddable":true,"href":"https:\/\/etiketten.shop\/blog\/wp-json\/wp\/v2\/tags?post=4234"}],"curies":[{"name":"wp","href":"https:\/\/api.w.org\/{rel}","templated":true}]}}